{"id":104509,"date":"2026-04-17T10:30:26","date_gmt":"2026-04-17T08:30:26","guid":{"rendered":"https:\/\/www.tdm2000.org\/corso-di-formazione-migration-reality-and-challenges\/"},"modified":"2026-04-17T10:30:26","modified_gmt":"2026-04-17T08:30:26","slug":"corso-di-formazione-migration-reality-and-challenges","status":"publish","type":"post","link":"https:\/\/www.tdm2000.org\/en\/corso-di-formazione-migration-reality-and-challenges\/","title":{"rendered":"Corso di formazione &#8220;Migration &#8211; Reality and Challenges&#8221;"},"content":{"rendered":"<p>Il progetto \u201cMigration &#8211; Reality and Challenges\u201d \u00e8 un corso di formazione finanziato dal programma comunitario Erasmus +, che si svolger\u00e0 a Vrnjacka Banja, in Serbia, dal 14 al 22 marzo. Il corso vedr\u00e0 la partecipazione di 36 giovani provenienti da tutta Europa.<\/p>\n<div>L\u2019argomento principale di questo progetto sono le migrazioni e le sue conseguenze sociali sull&#8217;Europa. Gli obiettivi principali sono:<\/div>\n<div><\/div>\n<div>\u2013 indurre riflessioni sulla migrazione e mobilit\u00e0 su diversi piani, capire il contesto teorico delle migrazioni, specialmente quelle europee e i suoi effetti a livello globale;<\/div>\n<div>\u2013 scambiare esperienze e buone pratiche tra gli operatori giovanili, riguardo alla mobilit\u00e0 e migrazione a livello locale e internazionale, e la loro influenza sui giovani in Europa;<\/div>\n<div>\u2013 aumentare la consapevolezza sul come gli estremismi violenti siano pi\u00f9 una causa che una conseguenza della migrazione, e parlare dell&#8217;influenza dei media riguardo questo tema;<\/div>\n<div>\u2013 incrementare le competenze degli operatori giovanili sui fattori scatenanti della migrazione e sul come prevenire gli effetti negativi (come la marginalizzazione) della migrazione sulla societ\u00e0;<\/div>\n<div>\u2013 conoscere le politiche messe in atto dall&#8217;UE su migrazione e mobilit\u00e0, promuovere una cooperazione europea tra associazioni che lavorano con i giovani e inserire giovani che abbiano esperienza nel campo delle migrazioni nell&#8217;organizzazione delle attivit\u00e0;<br \/>\n\u2013 sviluppare nuove iniziative nel campo della migrazione e della mobilit\u00e0 per i giovani all&#8217;interno del programma Erasmus +<\/div>\n<div><\/div>\n<div>Le metodologie usate saranno quelle dell\u2019educazione informale e non formale, attivit\u00e0 come brainstorming, lavoro in gruppo, dibattiti, giochi di ruolo, teatro e simulazioni. La lingua principale di lavoro sar\u00e0 l\u2019Inglese.<\/div>\n<div><\/div>\n<div>Requisiti per la partecipazione:<\/div>\n<div>\u2013 et\u00e0 dai 18 anni in su;<\/div>\n<div>\u2013 livello lingua inglese medio\/alto;<\/div>\n<div>\u2013 essere un operatore giovanile (youth worker), o essere interessato nello sviluppo dei giovani del proprio territorio e nell&#8217;argomento di migrazione e rifugiati;<\/div>\n<div>\u2013 essere membri dell\u2019associazione TDM 2000 per l\u2019anno 2017.<\/div>\n<div><\/div>\n<div>Numero di partecipanti richiesti: 2<\/div>\n<div><\/div>\n<div>\n<p>Vitto e alloggio coperto al 100%. Viaggio co-finanziato fino a 275\u20ac<\/p>\n<p><span style=\"text-decoration: underline;\"><strong>Candidature chiuse<\/strong><\/span><\/p>\n<\/div>","protected":false},"excerpt":{"rendered":"<p>Il progetto \u201cMigration &#8211; Reality and Challenges\u201d \u00e8 un corso di formazione finanziato dal programma comunitario Erasmus +, che si svolger\u00e0 a Vrnjacka Banja, in Serbia, dal 14 al 22 marzo. Il corso vedr\u00e0 la partecipazione di 36 giovani provenienti da tutta Europa. L\u2019argomento principale di questo progetto sono le migrazioni e le sue conseguenze [&hellip;]<\/p>","protected":false},"author":12,"featured_media":0,"comment_status":"open","ping_status":"open","sticky":false,"template":"","format":"standard","meta":{"_et_pb_use_builder":"","_et_pb_old_content":"","_et_gb_content_width":"","footnotes":""},"categories":[],"tags":[],"class_list":["post-104509","post","type-post","status-publish","format-standard","hentry"],"_links":{"self":[{"href":"https:\/\/www.tdm2000.org\/en\/wp-json\/wp\/v2\/posts\/104509","targetHints":{"allow":["GET"]}}],"collection":[{"href":"https:\/\/www.tdm2000.org\/en\/wp-json\/wp\/v2\/posts"}],"about":[{"href":"https:\/\/www.tdm2000.org\/en\/wp-json\/wp\/v2\/types\/post"}],"author":[{"embeddable":true,"href":"https:\/\/www.tdm2000.org\/en\/wp-json\/wp\/v2\/users\/12"}],"replies":[{"embeddable":true,"href":"https:\/\/www.tdm2000.org\/en\/wp-json\/wp\/v2\/comments?post=104509"}],"version-history":[{"count":0,"href":"https:\/\/www.tdm2000.org\/en\/wp-json\/wp\/v2\/posts\/104509\/revisions"}],"wp:attachment":[{"href":"https:\/\/www.tdm2000.org\/en\/wp-json\/wp\/v2\/media?parent=104509"}],"wp:term":[{"taxonomy":"category","embeddable":true,"href":"https:\/\/www.tdm2000.org\/en\/wp-json\/wp\/v2\/categories?post=104509"},{"taxonomy":"post_tag","embeddable":true,"href":"https:\/\/www.tdm2000.org\/en\/wp-json\/wp\/v2\/tags?post=104509"}],"curies":[{"name":"wp","href":"https:\/\/api.w.org\/{rel}","templated":true}]}}